{"id":24200,"date":"2024-02-21T14:34:01","date_gmt":"2024-02-21T13:34:01","guid":{"rendered":"https:\/\/www.plus-de-bulles.com\/blog\/?p=24200"},"modified":"2024-05-08T14:55:52","modified_gmt":"2024-05-08T12:55:52","slug":"notre-premiere-journee-degustation","status":"publish","type":"post","link":"https:\/\/www.plus-de-bulles.com\/blog\/notre-premiere-journee-degustation\/","title":{"rendered":"Notre Premi\u00e8re Journ\u00e9e D\u00e9gustation"},"content":{"rendered":"<p>[et_pb_section fb_built=\u00a0\u00bb1&Prime; _builder_version=\u00a0\u00bb4.23&Prime; custom_margin=\u00a0\u00bb20px||||false|false\u00a0\u00bb custom_margin_tablet=\u00a0\u00bb\u00a0\u00bb custom_margin_phone=\u00a0\u00bb\u00a0\u00bb custom_margin_last_edited=\u00a0\u00bbon|desktop\u00a0\u00bb custom_padding=\u00a0\u00bb0px|||\u00a0\u00bb global_colors_info=\u00a0\u00bb{}\u00a0\u00bb][et_pb_row _builder_version=\u00a0\u00bb4.16&Prime; custom_margin=\u00a0\u00bb0px|||\u00a0\u00bb custom_padding=\u00a0\u00bb0px|||\u00a0\u00bb global_colors_info=\u00a0\u00bb{}\u00a0\u00bb][et_pb_column type=\u00a0\u00bb4_4&Prime; _builder_version=\u00a0\u00bb4.16&Prime; custom_padding=\u00a0\u00bb|||\u00a0\u00bb global_colors_info=\u00a0\u00bb{}\u00a0\u00bb custom_padding__hover=\u00a0\u00bb|||\u00a0\u00bb][et_pb_text _builder_version=\u00a0\u00bb4.16&Prime; text_font=\u00a0\u00bbMontserrat||||||||\u00a0\u00bb text_text_color=\u00a0\u00bb#666666&Prime; text_font_size=\u00a0\u00bb16px\u00a0\u00bb header_font=\u00a0\u00bb||||||||\u00a0\u00bb header_2_font=\u00a0\u00bbPlayfair Display|900|on||||||\u00a0\u00bb header_2_text_align=\u00a0\u00bbcenter\u00a0\u00bb header_2_text_color=\u00a0\u00bb#595959&Prime; header_2_font_size=\u00a0\u00bb32px\u00a0\u00bb header_2_letter_spacing=\u00a0\u00bb1px\u00a0\u00bb header_4_font=\u00a0\u00bbMontserrat||||||||\u00a0\u00bb header_4_text_align=\u00a0\u00bbleft\u00a0\u00bb header_4_text_color=\u00a0\u00bb#2b2b2b\u00a0\u00bb header_4_font_size=\u00a0\u00bb17px\u00a0\u00bb text_orientation=\u00a0\u00bbjustified\u00a0\u00bb text_font_size_tablet=\u00a0\u00bb\u00a0\u00bb text_font_size_phone=\u00a0\u00bb\u00a0\u00bb text_font_size_last_edited=\u00a0\u00bbon|phone\u00a0\u00bb header_2_font_size_tablet=\u00a0\u00bb\u00a0\u00bb header_2_font_size_phone=\u00a0\u00bb26px\u00a0\u00bb header_2_font_size_last_edited=\u00a0\u00bbon|phone\u00a0\u00bb global_colors_info=\u00a0\u00bb{}\u00a0\u00bb]<\/p>\n<p><img loading=\"lazy\" decoding=\"async\" class=\"wp-image-9340 aligncenter size-large\" src=\"https:\/\/www.plus-de-bulles.com\/blog\/wp-content\/uploads\/2024\/02\/caves-6-1024x683-1-scaled.jpg\" alt=\"\" width=\"1024\" height=\"683\" \/><\/p>\n<p>Lundi 20 mai dernier, <strong>Plus de Bulles<\/strong> et la maison<a href=\"https:\/\/www.mumm.com\/fr-fr\/homepage\"><strong> G.H<\/strong>\u00a0<strong>Mumm<\/strong><\/a> avaient organis\u00e9 une\u00a0<em><strong>Journ\u00e9e D\u00e9gustation<\/strong><\/em>. Nous avions d\u00e9cid\u00e9 d&#8217;emmener certains de nos clients sur la <span style=\"font-size: 16px;\"><a href=\"https:\/\/www.vinotrip.com\/fr\/route-des-vins-champagne\">route des vins en Champagne<\/a>.<\/span><\/p>\n<p>Une tr\u00e8s belle journ\u00e9e qui s&rsquo;est d\u00e9roul\u00e9e dans le superbe cadre de la maison <strong>Cordon Rouge<\/strong> et du <strong>Moulin de Verzenay<\/strong>.<\/p>\n<p>[\/et_pb_text][\/et_pb_column][\/et_pb_row][et_pb_row _builder_version=\u00a0\u00bb4.23&Prime; custom_margin=\u00a0\u00bb-32px||||false|false\u00a0\u00bb global_colors_info=\u00a0\u00bb{}\u00a0\u00bb][et_pb_column type=\u00a0\u00bb4_4&Prime; _builder_version=\u00a0\u00bb4.16&Prime; custom_padding=\u00a0\u00bb|||\u00a0\u00bb global_colors_info=\u00a0\u00bb{}\u00a0\u00bb custom_padding__hover=\u00a0\u00bb|||\u00a0\u00bb][et_pb_image src=\u00a0\u00bbhttps:\/\/www.plus-de-bulles.com\/blog\/wp-content\/uploads\/2024\/02\/salle-petit-dej-scaled.jpg\u00a0\u00bb align_tablet=\u00a0\u00bbcenter\u00a0\u00bb align_phone=\u00a0\u00bb\u00a0\u00bb align_last_edited=\u00a0\u00bbon|desktop\u00a0\u00bb _builder_version=\u00a0\u00bb4.23&Prime; global_colors_info=\u00a0\u00bb{}\u00a0\u00bb][\/et_pb_image][\/et_pb_column][\/et_pb_row][et_pb_row _builder_version=\u00a0\u00bb4.23&Prime; _module_preset=\u00a0\u00bbdefault\u00a0\u00bb custom_margin=\u00a0\u00bb-25px|auto||auto|false|false\u00a0\u00bb global_colors_info=\u00a0\u00bb{}\u00a0\u00bb][et_pb_column type=\u00a0\u00bb4_4&Prime; _builder_version=\u00a0\u00bb4.23&Prime; _module_preset=\u00a0\u00bbdefault\u00a0\u00bb global_colors_info=\u00a0\u00bb{}\u00a0\u00bb][et_pb_text _builder_version=\u00a0\u00bb4.23&Prime; text_font=\u00a0\u00bbMontserrat||||||||\u00a0\u00bb text_text_color=\u00a0\u00bb#666666&Prime; text_font_size=\u00a0\u00bb16px\u00a0\u00bb header_2_font=\u00a0\u00bbPlayfair Display|900|on||||||\u00a0\u00bb header_2_text_align=\u00a0\u00bbcenter\u00a0\u00bb header_2_text_color=\u00a0\u00bb#595959&Prime; header_2_font_size=\u00a0\u00bb32px\u00a0\u00bb header_2_letter_spacing=\u00a0\u00bb1px\u00a0\u00bb header_4_font=\u00a0\u00bbMontserrat||||||||\u00a0\u00bb header_4_text_align=\u00a0\u00bbleft\u00a0\u00bb header_4_text_color=\u00a0\u00bb#2b2b2b\u00a0\u00bb header_4_font_size=\u00a0\u00bb17px\u00a0\u00bb text_orientation=\u00a0\u00bbjustified\u00a0\u00bb text_font_size_tablet=\u00a0\u00bb\u00a0\u00bb text_font_size_phone=\u00a0\u00bb\u00a0\u00bb text_font_size_last_edited=\u00a0\u00bbon|phone\u00a0\u00bb header_2_font_size_tablet=\u00a0\u00bb\u00a0\u00bb header_2_font_size_phone=\u00a0\u00bb26px\u00a0\u00bb header_2_font_size_last_edited=\u00a0\u00bbon|phone\u00a0\u00bb global_colors_info=\u00a0\u00bb{}\u00a0\u00bb]<\/p>\n<h2>Une matin\u00e9e \u00e0 la Maison Cordon Rouge<\/h2>\n<p>C\u2019est par un petit d\u00e9jeuner dans le salon de la maison Cordon Rouge qu&rsquo;une dizaine de nos clients <strong>Plus de Bulles<\/strong> ont d\u00e9but\u00e9 cette journ\u00e9e. Par la suite, nous avons visit\u00e9 les caves de la maison : un d\u00e9dale de plus de 25 km long, enti\u00e8rement creus\u00e9 dans la craie. De vraies p\u00e9pites sont \u00e9parpill\u00e9es sous ces voutes, nous avons aper\u00e7u des bouteilles de <strong>R. Lalou de 1966<\/strong> par exemple, et bien d&rsquo;autres encore&#8230;<\/p>\n<p>Ensuite, nous sommes remont\u00e9s \u00e0 la surface afin de d\u00e9guster certaines cuv\u00e9es de la maison. Nous avons d\u00e9but\u00e9 par une cuv\u00e9e priv\u00e9e\u00a0<strong>RSRV<\/strong>\u00a0<strong>Blanc de Blancs<\/strong> aux notes fleuries, citronn\u00e9es et de fruits frais. Une cuv\u00e9e tr\u00e8s d\u00e9licate et subtile en bouche, constante dans sa fraicheur. Les cuv\u00e9es <strong>RSRV<\/strong>, produites en quantit\u00e9s limit\u00e9es\u00a0sont\u00a0propos\u00e9es uniquement aux invit\u00e9s de la Maison.<\/p>\n<p>A suivi le c\u00e9l\u00e8bre <a href=\"https:\/\/www.plus-de-bulles.com\/fr\/champagne-mumm\/570-cordon-rouge-3043700103715.html\"><strong>Cordon Rouge<\/strong><\/a>, une cuv\u00e9e \u00e9labor\u00e9e \u00e0 partir d&rsquo;une majorit\u00e9 de Pinot Noir, qui offraient de tr\u00e8s belles notes d&rsquo;abricots et beaucoup de fraicheur.<\/p>\n<p>[\/et_pb_text][\/et_pb_column][\/et_pb_row][et_pb_row _builder_version=\u00a0\u00bb4.23&Prime; custom_margin=\u00a0\u00bb-20px||||false|false\u00a0\u00bb custom_padding=\u00a0\u00bb||0px|||\u00a0\u00bb global_colors_info=\u00a0\u00bb{}\u00a0\u00bb][et_pb_column type=\u00a0\u00bb4_4&Prime; _builder_version=\u00a0\u00bb4.16&Prime; custom_padding=\u00a0\u00bb|||\u00a0\u00bb global_colors_info=\u00a0\u00bb{}\u00a0\u00bb custom_padding__hover=\u00a0\u00bb|||\u00a0\u00bb][et_pb_text _builder_version=\u00a0\u00bb4.23&Prime; text_font=\u00a0\u00bbMontserrat||||||||\u00a0\u00bb text_text_color=\u00a0\u00bb#666666&Prime; text_font_size=\u00a0\u00bb16px\u00a0\u00bb header_2_font=\u00a0\u00bbPlayfair Display|900|on||||||\u00a0\u00bb header_2_text_align=\u00a0\u00bbcenter\u00a0\u00bb header_2_text_color=\u00a0\u00bb#595959&Prime; header_2_font_size=\u00a0\u00bb32px\u00a0\u00bb header_2_letter_spacing=\u00a0\u00bb1px\u00a0\u00bb header_4_font=\u00a0\u00bbMontserrat||||||||\u00a0\u00bb header_4_text_align=\u00a0\u00bbleft\u00a0\u00bb header_4_text_color=\u00a0\u00bb#2b2b2b\u00a0\u00bb header_4_font_size=\u00a0\u00bb17px\u00a0\u00bb text_orientation=\u00a0\u00bbjustified\u00a0\u00bb text_font_size_tablet=\u00a0\u00bb\u00a0\u00bb text_font_size_phone=\u00a0\u00bb\u00a0\u00bb text_font_size_last_edited=\u00a0\u00bbon|phone\u00a0\u00bb header_2_font_size_tablet=\u00a0\u00bb\u00a0\u00bb header_2_font_size_phone=\u00a0\u00bb26px\u00a0\u00bb header_2_font_size_last_edited=\u00a0\u00bbon|phone\u00a0\u00bb global_colors_info=\u00a0\u00bb{}\u00a0\u00bb]<img loading=\"lazy\" decoding=\"async\" class=\"wp-image-9316 aligncenter size-large\" src=\"https:\/\/www.plus-de-bulles.com\/blog\/wp-content\/uploads\/2024\/02\/degustation-1024x683-1-scaled.jpg\" alt=\"\" width=\"1024\" height=\"683\" \/><\/p>\n<p>Un <strong>Ros\u00e9<\/strong> \u00e0 la robe rose tendre et aux reflets tr\u00e8s l\u00e9g\u00e8rement orang\u00e9s, \u00e9labor\u00e9 sur le m\u00eame assemblage que le Cordon Rouge avec un vin rouge de Bouzy nous a \u00e9t\u00e9 servi. Une cuv\u00e9e qui s\u2019ouvre sur un nez l\u00e9ger, d\u00e9licat et fin aux ar\u00f4mes de fraises m\u00fbres et de pamplemousse. Un champagne plein de fraicheur et de subtilit\u00e9.<\/p>\n<p>La richesse aromatique et la puissance d&rsquo;un <strong>Mill\u00e9sime 2012<\/strong> concluait magnifiquement cette d\u00e9gustation avec ses touches gourmandes de noisettes, sans rien sacrifier \u00e0 sa fra\u00eecheur.[\/et_pb_text][\/et_pb_column][\/et_pb_row][et_pb_row column_structure=\u00a0\u00bb1_2,1_2&Prime; _builder_version=\u00a0\u00bb4.23&Prime; custom_margin=\u00a0\u00bb-4px||||false|false\u00a0\u00bb global_colors_info=\u00a0\u00bb{}\u00a0\u00bb][et_pb_column type=\u00a0\u00bb1_2&Prime; _builder_version=\u00a0\u00bb4.16&Prime; custom_padding=\u00a0\u00bb|||\u00a0\u00bb global_colors_info=\u00a0\u00bb{}\u00a0\u00bb custom_padding__hover=\u00a0\u00bb|||\u00a0\u00bb][et_pb_text _builder_version=\u00a0\u00bb4.16&Prime; text_font=\u00a0\u00bbMontserrat||||||||\u00a0\u00bb text_text_color=\u00a0\u00bb#666666&Prime; text_font_size=\u00a0\u00bb16px\u00a0\u00bb header_2_font=\u00a0\u00bbPlayfair Display|900|on||||||\u00a0\u00bb header_2_text_align=\u00a0\u00bbcenter\u00a0\u00bb header_2_text_color=\u00a0\u00bb#595959&Prime; header_2_font_size=\u00a0\u00bb32px\u00a0\u00bb header_2_letter_spacing=\u00a0\u00bb1px\u00a0\u00bb header_4_font=\u00a0\u00bbMontserrat||||||||\u00a0\u00bb header_4_text_align=\u00a0\u00bbleft\u00a0\u00bb header_4_text_color=\u00a0\u00bb#2b2b2b\u00a0\u00bb header_4_font_size=\u00a0\u00bb17px\u00a0\u00bb text_orientation=\u00a0\u00bbjustified\u00a0\u00bb text_font_size_tablet=\u00a0\u00bb\u00a0\u00bb text_font_size_phone=\u00a0\u00bb\u00a0\u00bb text_font_size_last_edited=\u00a0\u00bbon|phone\u00a0\u00bb header_2_font_size_tablet=\u00a0\u00bb\u00a0\u00bb header_2_font_size_phone=\u00a0\u00bb26px\u00a0\u00bb header_2_font_size_last_edited=\u00a0\u00bbon|phone\u00a0\u00bb global_colors_info=\u00a0\u00bb{}\u00a0\u00bb]C&rsquo;\u00e9tait sans compter cette magnifique surprise de la part de la maison G.H Mumm&#8230; La d\u00e9gustation s&rsquo;est conclue par un somptueux\u00a0magnum de <strong>R. Lalou 1999<\/strong>, qui s\u2019est \u00e9panoui au fil de nombreuses ann\u00e9es tout en conservant une fraicheur surprenante pour son \u00e2ge.\u00a0La cuv\u00e9e <strong>R. Lalou 1999<\/strong> \u00a0est un assemblage de 50% de Pinot Noir et 50% de Chardonnay venant des terroirs class\u00e9s Grand Cru de la maison. Elle\u00a0offre une attaque nette, tranchante, qui pr\u00e9pare le terrain pour d\u00e9rouler des ar\u00f4mes de fruits jaunes m\u00fbrs et de fruits confits.<br \/>\nUne cuv\u00e9e d&rsquo;amateurs qui offre une bouche pleine de finesse et une palette aromatique immense.[\/et_pb_text][\/et_pb_column][et_pb_column type=\u00a0\u00bb1_2&Prime; _builder_version=\u00a0\u00bb4.16&Prime; custom_padding=\u00a0\u00bb|||\u00a0\u00bb global_colors_info=\u00a0\u00bb{}\u00a0\u00bb custom_padding__hover=\u00a0\u00bb|||\u00a0\u00bb][et_pb_image src=\u00a0\u00bbhttps:\/\/www.plus-de-bulles.com\/blog\/wp-content\/uploads\/2024\/02\/r-lalou-1999-scaled.jpg\u00a0\u00bb align_tablet=\u00a0\u00bbcenter\u00a0\u00bb align_phone=\u00a0\u00bb\u00a0\u00bb align_last_edited=\u00a0\u00bbon|desktop\u00a0\u00bb _builder_version=\u00a0\u00bb4.23&Prime; custom_margin=\u00a0\u00bb6px||||false|false\u00a0\u00bb global_colors_info=\u00a0\u00bb{}\u00a0\u00bb][\/et_pb_image][\/et_pb_column][\/et_pb_row][et_pb_row _builder_version=\u00a0\u00bb4.16&Prime; global_colors_info=\u00a0\u00bb{}\u00a0\u00bb][et_pb_column type=\u00a0\u00bb4_4&Prime; _builder_version=\u00a0\u00bb4.16&Prime; custom_padding=\u00a0\u00bb|||\u00a0\u00bb global_colors_info=\u00a0\u00bb{}\u00a0\u00bb custom_padding__hover=\u00a0\u00bb|||\u00a0\u00bb][et_pb_text _builder_version=\u00a0\u00bb4.16&Prime; text_font=\u00a0\u00bbMontserrat||||||||\u00a0\u00bb text_text_color=\u00a0\u00bb#666666&Prime; text_font_size=\u00a0\u00bb16px\u00a0\u00bb header_2_font=\u00a0\u00bbPlayfair Display|900|on||||||\u00a0\u00bb header_2_text_align=\u00a0\u00bbcenter\u00a0\u00bb header_2_text_color=\u00a0\u00bb#595959&Prime; header_2_font_size=\u00a0\u00bb32px\u00a0\u00bb header_2_letter_spacing=\u00a0\u00bb1px\u00a0\u00bb header_4_font=\u00a0\u00bbMontserrat||||||||\u00a0\u00bb header_4_text_align=\u00a0\u00bbleft\u00a0\u00bb header_4_text_color=\u00a0\u00bb#2b2b2b\u00a0\u00bb header_4_font_size=\u00a0\u00bb17px\u00a0\u00bb text_orientation=\u00a0\u00bbjustified\u00a0\u00bb text_font_size_tablet=\u00a0\u00bb\u00a0\u00bb text_font_size_phone=\u00a0\u00bb\u00a0\u00bb text_font_size_last_edited=\u00a0\u00bbon|phone\u00a0\u00bb header_2_font_size_tablet=\u00a0\u00bb\u00a0\u00bb header_2_font_size_phone=\u00a0\u00bb26px\u00a0\u00bb header_2_font_size_last_edited=\u00a0\u00bbon|phone\u00a0\u00bb global_colors_info=\u00a0\u00bb{}\u00a0\u00bb]<\/p>\n<h2>D\u00e9jeuner au moulin de Verzenay<\/h2>\n<p><img loading=\"lazy\" decoding=\"async\" class=\"wp-image-9317 aligncenter size-large\" src=\"https:\/\/www.plus-de-bulles.com\/blog\/wp-content\/uploads\/2024\/02\/moulin-zoom-1024x683-1-scaled.jpg\" alt=\"\" width=\"1024\" height=\"683\" \/><\/p>\n<p>Suite \u00e0 ces magnifiques d\u00e9couvertes, nous nous sommes dirig\u00e9s vers <strong>Verzenay<\/strong> afin de d\u00e9jeuner dans le sublime cadre du Moulin, qui malgr\u00e9 un temps gris, conservait toute sa grandeur et nous offrait une magnifique vue sur le vignoble champenois.<\/p>\n<p>\u00c0 l&rsquo;ap\u00e9ritif nous \u00e9tait servie une cuv\u00e9e d&rsquo;exception <strong>RSRV Blanc de Blancs<\/strong>. Occasion pour nos invit\u00e9s de s&rsquo;exercer au sablage de bouteilles de\u00a0<strong>Cordon Rouge<\/strong> ainsi qu&rsquo;une introduction au skibrage ! Sp\u00e9cialit\u00e9 de la maison G.H Mumm, partenaire de la <a href=\"https:\/\/www.lafoliedouce.com\/fr\/\">Folie Douce<\/a>.<\/p>\n<p><img loading=\"lazy\" decoding=\"async\" class=\"wp-image-9329 aligncenter size-large\" src=\"https:\/\/www.plus-de-bulles.com\/blog\/wp-content\/uploads\/2024\/02\/sabrage-skibrage-1024x392-1-scaled.jpg\" alt=\"\" width=\"1024\" height=\"392\" \/><\/p>\n<p>Nous avons pu d\u00e9guster ces cuv\u00e9es sabr\u00e9es avec de d\u00e9licieuses brochettes de Saint-Jacques.<\/p>\n<p>\u00c0 la suite de ce menu d&rsquo;accords mets et champagnes <strong>Mumm<\/strong>, noix de veau \u00e0 la sauce brill\u00e2t Savarin et \u00e9cras\u00e9 de pommes de terres \u00e0 la truffe accompagn\u00e9s par une <strong>RSRV Cuv\u00e9e 4.5<\/strong> venue de la cave priv\u00e9e de la maison.<\/p>\n<p>Une s\u00e9lection de fromages r\u00e9gionaux \u00e9tait assortie \u00e0 une cuv\u00e9e <strong>RSRV Blanc de Noirs<\/strong> cette fois. Un champagne\u00a0d\u2019intensit\u00e9 et de complexit\u00e9.[\/et_pb_text][\/et_pb_column][\/et_pb_row][et_pb_row column_structure=\u00a0\u00bb1_2,1_2&Prime; _builder_version=\u00a0\u00bb4.23&Prime; custom_margin=\u00a0\u00bb-32px||||false|false\u00a0\u00bb global_colors_info=\u00a0\u00bb{}\u00a0\u00bb][et_pb_column type=\u00a0\u00bb1_2&Prime; _builder_version=\u00a0\u00bb4.16&Prime; custom_padding=\u00a0\u00bb|||\u00a0\u00bb global_colors_info=\u00a0\u00bb{}\u00a0\u00bb custom_padding__hover=\u00a0\u00bb|||\u00a0\u00bb][et_pb_text _builder_version=\u00a0\u00bb4.16&Prime; text_font=\u00a0\u00bbMontserrat||||||||\u00a0\u00bb text_text_color=\u00a0\u00bb#666666&Prime; text_font_size=\u00a0\u00bb16px\u00a0\u00bb header_2_font=\u00a0\u00bbPlayfair Display|900|on||||||\u00a0\u00bb header_2_text_align=\u00a0\u00bbcenter\u00a0\u00bb header_2_text_color=\u00a0\u00bb#595959&Prime; header_2_font_size=\u00a0\u00bb32px\u00a0\u00bb header_2_letter_spacing=\u00a0\u00bb1px\u00a0\u00bb header_4_font=\u00a0\u00bbMontserrat||||||||\u00a0\u00bb header_4_text_align=\u00a0\u00bbleft\u00a0\u00bb header_4_text_color=\u00a0\u00bb#2b2b2b\u00a0\u00bb header_4_font_size=\u00a0\u00bb17px\u00a0\u00bb text_orientation=\u00a0\u00bbjustified\u00a0\u00bb text_font_size_tablet=\u00a0\u00bb\u00a0\u00bb text_font_size_phone=\u00a0\u00bb\u00a0\u00bb text_font_size_last_edited=\u00a0\u00bbon|phone\u00a0\u00bb header_2_font_size_tablet=\u00a0\u00bb\u00a0\u00bb header_2_font_size_phone=\u00a0\u00bb26px\u00a0\u00bb header_2_font_size_last_edited=\u00a0\u00bbon|phone\u00a0\u00bb global_colors_info=\u00a0\u00bb{}\u00a0\u00bb]Une trilogique de nougats glac\u00e9s aux fruits rouges et biscuit rose de Reims mis fin \u00e0 ce d\u00e9licieux repas tout en l\u00e9g\u00e8ret\u00e9 et finesse. Ces douceurs sucr\u00e9es joignaient un <strong>RSRV Ros\u00e9 Foujita<\/strong>,\u00a0cuv\u00e9e unique et\u00a0assemblage de six Grands Crus cr\u00e9\u00e9s par le Chef de caves de la Maison Mumm, Didier Mariotti. Elle rend hommage \u00e0 l\u2019artiste et \u00e0 son amiti\u00e9 avec la Maison Mumm et est orn\u00e9e de la rose peinte pour la Maison.[\/et_pb_text][\/et_pb_column][et_pb_column type=\u00a0\u00bb1_2&Prime; _builder_version=\u00a0\u00bb4.16&Prime; custom_padding=\u00a0\u00bb|||\u00a0\u00bb global_colors_info=\u00a0\u00bb{}\u00a0\u00bb custom_padding__hover=\u00a0\u00bb|||\u00a0\u00bb][et_pb_image src=\u00a0\u00bbhttps:\/\/www.plus-de-bulles.com\/blog\/wp-content\/uploads\/2024\/02\/menu-scaled.jpg\u00a0\u00bb align_tablet=\u00a0\u00bbcenter\u00a0\u00bb align_phone=\u00a0\u00bb\u00a0\u00bb align_last_edited=\u00a0\u00bbon|desktop\u00a0\u00bb _builder_version=\u00a0\u00bb4.16&Prime; global_colors_info=\u00a0\u00bb{}\u00a0\u00bb][\/et_pb_image][\/et_pb_column][\/et_pb_row][et_pb_row _builder_version=\u00a0\u00bb4.16&Prime; global_colors_info=\u00a0\u00bb{}\u00a0\u00bb][et_pb_column type=\u00a0\u00bb4_4&Prime; _builder_version=\u00a0\u00bb4.16&Prime; custom_padding=\u00a0\u00bb|||\u00a0\u00bb global_colors_info=\u00a0\u00bb{}\u00a0\u00bb custom_padding__hover=\u00a0\u00bb|||\u00a0\u00bb][et_pb_text _builder_version=\u00a0\u00bb4.23&Prime; text_font=\u00a0\u00bbMontserrat||||||||\u00a0\u00bb text_text_color=\u00a0\u00bb#666666&Prime; text_font_size=\u00a0\u00bb16px\u00a0\u00bb header_2_font=\u00a0\u00bbPlayfair Display|900|on||||||\u00a0\u00bb header_2_text_align=\u00a0\u00bbcenter\u00a0\u00bb header_2_text_color=\u00a0\u00bb#595959&Prime; header_2_font_size=\u00a0\u00bb32px\u00a0\u00bb header_2_letter_spacing=\u00a0\u00bb1px\u00a0\u00bb header_4_font=\u00a0\u00bbMontserrat||||||||\u00a0\u00bb header_4_text_align=\u00a0\u00bbleft\u00a0\u00bb header_4_text_color=\u00a0\u00bb#2b2b2b\u00a0\u00bb header_4_font_size=\u00a0\u00bb17px\u00a0\u00bb text_orientation=\u00a0\u00bbjustified\u00a0\u00bb text_font_size_tablet=\u00a0\u00bb\u00a0\u00bb text_font_size_phone=\u00a0\u00bb\u00a0\u00bb text_font_size_last_edited=\u00a0\u00bbon|phone\u00a0\u00bb header_2_font_size_tablet=\u00a0\u00bb\u00a0\u00bb header_2_font_size_phone=\u00a0\u00bb26px\u00a0\u00bb header_2_font_size_last_edited=\u00a0\u00bbon|phone\u00a0\u00bb global_colors_info=\u00a0\u00bb{}\u00a0\u00bb]<\/p>\n<h2>La fin d&rsquo;une premi\u00e8re Journ\u00e9e D\u00e9gustation r\u00e9ussie&#8230;<\/h2>\n<p>Apr\u00e8s notre d\u00e9part du moulin de Verzenay, nous avons fait une halte au pressoir Mumm du village avant de nous quitter suite \u00e0 cette journ\u00e9e pleine de d\u00e9couvertes et de rencontres.<\/p>\n<p>Un petit mot \u00e0 Evgenia, Polina, Camille, Oc\u00e9ane, Caroline, Daniel, Juliette, Hisham, Alo\u00efs et Fran\u00e7ois. Merci d&rsquo;avoir contribu\u00e9 \u00e0 la r\u00e9ussite de cette journ\u00e9e exclusive par votre pr\u00e9sence, merci de la convivialit\u00e9 et de la bonne humeur dont vous ne vous \u00eates jamais d\u00e9partis. Ce f\u00fbt un moment des plus agr\u00e9ables, comme on voudrait qu&rsquo;il y en ait souvent.<br \/>\nMerci \u00e0 Thomas et \u00e0 la maison <strong>G.H Mumm<\/strong> pour cet accueil d&rsquo;exception et pour ces moments partag\u00e9s.<\/p>\n<p>N&rsquo;h\u00e9sitez pas \u00e0 nous contacter\u00a0afin d&rsquo;\u00eatre pr\u00e9venus lors d&rsquo;\u00e9v\u00e8nements similaires \u00e0 cette Journ\u00e9e D\u00e9gustation, votre participation sera la bienvenue !<\/p>\n<p><img loading=\"lazy\" decoding=\"async\" class=\"wp-image-9331 aligncenter size-large\" src=\"https:\/\/www.plus-de-bulles.com\/blog\/wp-content\/uploads\/2024\/02\/moulin-au-loin-1024x683-1-scaled.jpg\" alt=\"\" width=\"1024\" height=\"683\" \/>[\/et_pb_text][\/et_pb_column][\/et_pb_row][\/et_pb_section]<\/p>\n","protected":false},"excerpt":{"rendered":"<p>Lundi 20 mai dernier, Plus de Bulles et la maison G.H\u00a0Mumm avaient organis\u00e9 une\u00a0Journ\u00e9e D\u00e9gustation. Nous avions d\u00e9cid\u00e9 d&#8217;emmener certains de nos clients sur la route des vins en Champagne. Une tr\u00e8s belle journ\u00e9e qui s&rsquo;est d\u00e9roul\u00e9e dans le superbe cadre de la maison Cordon Rouge et du Moulin de Verzenay.Une matin\u00e9e \u00e0 la Maison [&hellip;]<\/p>\n","protected":false},"author":3,"featured_media":0,"comment_status":"open","ping_status":"closed","sticky":false,"template":"","format":"standard","meta":{"_et_pb_use_builder":"on","_et_pb_old_content":"","_et_gb_content_width":"","footnotes":""},"categories":[21],"tags":[],"yoast_head":"<!-- This site is optimized with the Yoast SEO plugin v20.4 - https:\/\/yoast.com\/wordpress\/plugins\/seo\/ -->\n<title>Notre Premi\u00e8re Journ\u00e9e D\u00e9gustation<\/title>\n<meta name=\"description\" content=\"Revivez notre premi\u00e8re journ\u00e9e de d\u00e9gustation, une exp\u00e9rience unique partag\u00e9e avec passion au sein de la maison Mumm. \u00c9motions !\" \/>\n<meta name=\"robots\" content=\"index, follow, max-snippet:-1, max-image-preview:large, max-video-preview:-1\" \/>\n<link rel=\"canonical\" href=\"https:\/\/www.plus-de-bulles.com\/blog\/notre-premiere-journee-degustation\/\" \/>\n<meta property=\"og:locale\" content=\"fr_FR\" \/>\n<meta property=\"og:type\" content=\"article\" \/>\n<meta property=\"og:title\" content=\"Notre Premi\u00e8re Journ\u00e9e D\u00e9gustation\" \/>\n<meta property=\"og:description\" content=\"Revivez notre premi\u00e8re journ\u00e9e de d\u00e9gustation, une exp\u00e9rience unique partag\u00e9e avec passion au sein de la maison Mumm. \u00c9motions !\" \/>\n<meta property=\"og:url\" content=\"https:\/\/www.plus-de-bulles.com\/blog\/notre-premiere-journee-degustation\/\" \/>\n<meta property=\"og:site_name\" content=\"Les Conseils Plus de Bulles\" \/>\n<meta property=\"article:published_time\" content=\"2024-02-21T13:34:01+00:00\" \/>\n<meta property=\"article:modified_time\" content=\"2024-05-08T12:55:52+00:00\" \/>\n<meta property=\"og:image\" content=\"https:\/\/www.plus-de-bulles.com\/blog\/wp-content\/uploads\/2024\/02\/caves-6-1024x683-1-scaled.jpg\" \/>\n<meta name=\"author\" content=\"Marie\" \/>\n<meta name=\"twitter:card\" content=\"summary_large_image\" \/>\n<meta name=\"twitter:label1\" content=\"Written by\" \/>\n\t<meta name=\"twitter:data1\" content=\"Marie\" \/>\n\t<meta name=\"twitter:label2\" content=\"Est. reading time\" \/>\n\t<meta name=\"twitter:data2\" content=\"7 minutes\" \/>\n<script type=\"application\/ld+json\" class=\"yoast-schema-graph\">{\"@context\":\"https:\/\/schema.org\",\"@graph\":[{\"@type\":\"Article\",\"@id\":\"https:\/\/www.plus-de-bulles.com\/blog\/notre-premiere-journee-degustation\/#article\",\"isPartOf\":{\"@id\":\"https:\/\/www.plus-de-bulles.com\/blog\/notre-premiere-journee-degustation\/\"},\"author\":{\"name\":\"Marie\",\"@id\":\"https:\/\/www.plus-de-bulles.com\/blog\/#\/schema\/person\/949ffbb21aa566bf00e3aaf8e9965f59\"},\"headline\":\"Notre Premi\u00e8re Journ\u00e9e D\u00e9gustation\",\"datePublished\":\"2024-02-21T13:34:01+00:00\",\"dateModified\":\"2024-05-08T12:55:52+00:00\",\"mainEntityOfPage\":{\"@id\":\"https:\/\/www.plus-de-bulles.com\/blog\/notre-premiere-journee-degustation\/\"},\"wordCount\":1962,\"commentCount\":0,\"publisher\":{\"@id\":\"https:\/\/www.plus-de-bulles.com\/blog\/#organization\"},\"articleSection\":[\"Reportages\"],\"inLanguage\":\"fr-FR\",\"potentialAction\":[{\"@type\":\"CommentAction\",\"name\":\"Comment\",\"target\":[\"https:\/\/www.plus-de-bulles.com\/blog\/notre-premiere-journee-degustation\/#respond\"]}]},{\"@type\":\"WebPage\",\"@id\":\"https:\/\/www.plus-de-bulles.com\/blog\/notre-premiere-journee-degustation\/\",\"url\":\"https:\/\/www.plus-de-bulles.com\/blog\/notre-premiere-journee-degustation\/\",\"name\":\"Notre Premi\u00e8re Journ\u00e9e D\u00e9gustation\",\"isPartOf\":{\"@id\":\"https:\/\/www.plus-de-bulles.com\/blog\/#website\"},\"datePublished\":\"2024-02-21T13:34:01+00:00\",\"dateModified\":\"2024-05-08T12:55:52+00:00\",\"description\":\"Revivez notre premi\u00e8re journ\u00e9e de d\u00e9gustation, une exp\u00e9rience unique partag\u00e9e avec passion au sein de la maison Mumm. \u00c9motions !\",\"breadcrumb\":{\"@id\":\"https:\/\/www.plus-de-bulles.com\/blog\/notre-premiere-journee-degustation\/#breadcrumb\"},\"inLanguage\":\"fr-FR\",\"potentialAction\":[{\"@type\":\"ReadAction\",\"target\":[\"https:\/\/www.plus-de-bulles.com\/blog\/notre-premiere-journee-degustation\/\"]}]},{\"@type\":\"BreadcrumbList\",\"@id\":\"https:\/\/www.plus-de-bulles.com\/blog\/notre-premiere-journee-degustation\/#breadcrumb\",\"itemListElement\":[{\"@type\":\"ListItem\",\"position\":1,\"name\":\"Accueil\",\"item\":\"https:\/\/www.plus-de-bulles.com\/blog\/\"},{\"@type\":\"ListItem\",\"position\":2,\"name\":\"Reportages\",\"item\":\"https:\/\/www.plus-de-bulles.com\/blog\/reportage-domaine-champagne\/\"},{\"@type\":\"ListItem\",\"position\":3,\"name\":\"Notre Premi\u00e8re Journ\u00e9e D\u00e9gustation\"}]},{\"@type\":\"WebSite\",\"@id\":\"https:\/\/www.plus-de-bulles.com\/blog\/#website\",\"url\":\"https:\/\/www.plus-de-bulles.com\/blog\/\",\"name\":\"Les Conseils Plus de Bulles\",\"description\":\"Toute l&#039;actualit\u00e9 du champagne\",\"publisher\":{\"@id\":\"https:\/\/www.plus-de-bulles.com\/blog\/#organization\"},\"potentialAction\":[{\"@type\":\"SearchAction\",\"target\":{\"@type\":\"EntryPoint\",\"urlTemplate\":\"https:\/\/www.plus-de-bulles.com\/blog\/?s={search_term_string}\"},\"query-input\":\"required name=search_term_string\"}],\"inLanguage\":\"fr-FR\"},{\"@type\":\"Organization\",\"@id\":\"https:\/\/www.plus-de-bulles.com\/blog\/#organization\",\"name\":\"Plus de Bulles\",\"url\":\"https:\/\/www.plus-de-bulles.com\/blog\/\",\"logo\":{\"@type\":\"ImageObject\",\"inLanguage\":\"fr-FR\",\"@id\":\"https:\/\/www.plus-de-bulles.com\/blog\/#\/schema\/logo\/image\/\",\"url\":\"https:\/\/www.plus-de-bulles.com\/blog\/wp-content\/uploads\/2024\/10\/logo-pdb-full.png\",\"contentUrl\":\"https:\/\/www.plus-de-bulles.com\/blog\/wp-content\/uploads\/2024\/10\/logo-pdb-full.png\",\"width\":300,\"height\":300,\"caption\":\"Plus de Bulles\"},\"image\":{\"@id\":\"https:\/\/www.plus-de-bulles.com\/blog\/#\/schema\/logo\/image\/\"}},{\"@type\":\"Person\",\"@id\":\"https:\/\/www.plus-de-bulles.com\/blog\/#\/schema\/person\/949ffbb21aa566bf00e3aaf8e9965f59\",\"name\":\"Marie\",\"image\":{\"@type\":\"ImageObject\",\"inLanguage\":\"fr-FR\",\"@id\":\"https:\/\/www.plus-de-bulles.com\/blog\/#\/schema\/person\/image\/\",\"url\":\"https:\/\/secure.gravatar.com\/avatar\/c072261e195cb1ba613cadb47783fbd4?s=96&d=mm&r=g\",\"contentUrl\":\"https:\/\/secure.gravatar.com\/avatar\/c072261e195cb1ba613cadb47783fbd4?s=96&d=mm&r=g\",\"caption\":\"Marie\"},\"description\":\"Marie Servagnat a particip\u00e9 \u00e0 la cr\u00e9ation de la soci\u00e9t\u00e9 en 2007. \\\"L'id\u00e9e de lancer un site de vente de champagne sur Internet m'est venue assez naturellement, car je trouvais d\u00e9j\u00e0 r\u00e9guli\u00e8rement des cuv\u00e9es avec un rapport qualit\u00e9\/prix imbattable pour des amis et des coll\u00e8gues. Gr\u00e2ce \u00e0 mon p\u00e8re et \u00e0 mon grand-p\u00e8re, deux courtiers en vin de champagne, je connais tr\u00e8s bien les viticulteurs et les Grandes Maisons de Champagne\\\". Aujourd'hui, elle est charg\u00e9e des relations avec le vignoble et dirige La Cave \u00e0 Reims.\",\"sameAs\":[\"http:\/\/www.plus-de-bulles.com\"],\"url\":\"https:\/\/www.plus-de-bulles.com\/blog\/author\/mservagnat\/\"}]}<\/script>\n<!-- \/ Yoast SEO plugin. -->","yoast_head_json":{"title":"Notre Premi\u00e8re Journ\u00e9e D\u00e9gustation","description":"Revivez notre premi\u00e8re journ\u00e9e de d\u00e9gustation, une exp\u00e9rience unique partag\u00e9e avec passion au sein de la maison Mumm. \u00c9motions !","robots":{"index":"index","follow":"follow","max-snippet":"max-snippet:-1","max-image-preview":"max-image-preview:large","max-video-preview":"max-video-preview:-1"},"canonical":"https:\/\/www.plus-de-bulles.com\/blog\/notre-premiere-journee-degustation\/","og_locale":"fr_FR","og_type":"article","og_title":"Notre Premi\u00e8re Journ\u00e9e D\u00e9gustation","og_description":"Revivez notre premi\u00e8re journ\u00e9e de d\u00e9gustation, une exp\u00e9rience unique partag\u00e9e avec passion au sein de la maison Mumm. \u00c9motions !","og_url":"https:\/\/www.plus-de-bulles.com\/blog\/notre-premiere-journee-degustation\/","og_site_name":"Les Conseils Plus de Bulles","article_published_time":"2024-02-21T13:34:01+00:00","article_modified_time":"2024-05-08T12:55:52+00:00","og_image":[{"url":"https:\/\/www.plus-de-bulles.com\/blog\/wp-content\/uploads\/2024\/02\/caves-6-1024x683-1-scaled.jpg"}],"author":"Marie","twitter_card":"summary_large_image","twitter_misc":{"Written by":"Marie","Est. reading time":"7 minutes"},"schema":{"@context":"https:\/\/schema.org","@graph":[{"@type":"Article","@id":"https:\/\/www.plus-de-bulles.com\/blog\/notre-premiere-journee-degustation\/#article","isPartOf":{"@id":"https:\/\/www.plus-de-bulles.com\/blog\/notre-premiere-journee-degustation\/"},"author":{"name":"Marie","@id":"https:\/\/www.plus-de-bulles.com\/blog\/#\/schema\/person\/949ffbb21aa566bf00e3aaf8e9965f59"},"headline":"Notre Premi\u00e8re Journ\u00e9e D\u00e9gustation","datePublished":"2024-02-21T13:34:01+00:00","dateModified":"2024-05-08T12:55:52+00:00","mainEntityOfPage":{"@id":"https:\/\/www.plus-de-bulles.com\/blog\/notre-premiere-journee-degustation\/"},"wordCount":1962,"commentCount":0,"publisher":{"@id":"https:\/\/www.plus-de-bulles.com\/blog\/#organization"},"articleSection":["Reportages"],"inLanguage":"fr-FR","potentialAction":[{"@type":"CommentAction","name":"Comment","target":["https:\/\/www.plus-de-bulles.com\/blog\/notre-premiere-journee-degustation\/#respond"]}]},{"@type":"WebPage","@id":"https:\/\/www.plus-de-bulles.com\/blog\/notre-premiere-journee-degustation\/","url":"https:\/\/www.plus-de-bulles.com\/blog\/notre-premiere-journee-degustation\/","name":"Notre Premi\u00e8re Journ\u00e9e D\u00e9gustation","isPartOf":{"@id":"https:\/\/www.plus-de-bulles.com\/blog\/#website"},"datePublished":"2024-02-21T13:34:01+00:00","dateModified":"2024-05-08T12:55:52+00:00","description":"Revivez notre premi\u00e8re journ\u00e9e de d\u00e9gustation, une exp\u00e9rience unique partag\u00e9e avec passion au sein de la maison Mumm. \u00c9motions !","breadcrumb":{"@id":"https:\/\/www.plus-de-bulles.com\/blog\/notre-premiere-journee-degustation\/#breadcrumb"},"inLanguage":"fr-FR","potentialAction":[{"@type":"ReadAction","target":["https:\/\/www.plus-de-bulles.com\/blog\/notre-premiere-journee-degustation\/"]}]},{"@type":"BreadcrumbList","@id":"https:\/\/www.plus-de-bulles.com\/blog\/notre-premiere-journee-degustation\/#breadcrumb","itemListElement":[{"@type":"ListItem","position":1,"name":"Accueil","item":"https:\/\/www.plus-de-bulles.com\/blog\/"},{"@type":"ListItem","position":2,"name":"Reportages","item":"https:\/\/www.plus-de-bulles.com\/blog\/reportage-domaine-champagne\/"},{"@type":"ListItem","position":3,"name":"Notre Premi\u00e8re Journ\u00e9e D\u00e9gustation"}]},{"@type":"WebSite","@id":"https:\/\/www.plus-de-bulles.com\/blog\/#website","url":"https:\/\/www.plus-de-bulles.com\/blog\/","name":"Les Conseils Plus de Bulles","description":"Toute l&#039;actualit\u00e9 du champagne","publisher":{"@id":"https:\/\/www.plus-de-bulles.com\/blog\/#organization"},"potentialAction":[{"@type":"SearchAction","target":{"@type":"EntryPoint","urlTemplate":"https:\/\/www.plus-de-bulles.com\/blog\/?s={search_term_string}"},"query-input":"required name=search_term_string"}],"inLanguage":"fr-FR"},{"@type":"Organization","@id":"https:\/\/www.plus-de-bulles.com\/blog\/#organization","name":"Plus de Bulles","url":"https:\/\/www.plus-de-bulles.com\/blog\/","logo":{"@type":"ImageObject","inLanguage":"fr-FR","@id":"https:\/\/www.plus-de-bulles.com\/blog\/#\/schema\/logo\/image\/","url":"https:\/\/www.plus-de-bulles.com\/blog\/wp-content\/uploads\/2024\/10\/logo-pdb-full.png","contentUrl":"https:\/\/www.plus-de-bulles.com\/blog\/wp-content\/uploads\/2024\/10\/logo-pdb-full.png","width":300,"height":300,"caption":"Plus de Bulles"},"image":{"@id":"https:\/\/www.plus-de-bulles.com\/blog\/#\/schema\/logo\/image\/"}},{"@type":"Person","@id":"https:\/\/www.plus-de-bulles.com\/blog\/#\/schema\/person\/949ffbb21aa566bf00e3aaf8e9965f59","name":"Marie","image":{"@type":"ImageObject","inLanguage":"fr-FR","@id":"https:\/\/www.plus-de-bulles.com\/blog\/#\/schema\/person\/image\/","url":"https:\/\/secure.gravatar.com\/avatar\/c072261e195cb1ba613cadb47783fbd4?s=96&d=mm&r=g","contentUrl":"https:\/\/secure.gravatar.com\/avatar\/c072261e195cb1ba613cadb47783fbd4?s=96&d=mm&r=g","caption":"Marie"},"description":"Marie Servagnat a particip\u00e9 \u00e0 la cr\u00e9ation de la soci\u00e9t\u00e9 en 2007. \"L'id\u00e9e de lancer un site de vente de champagne sur Internet m'est venue assez naturellement, car je trouvais d\u00e9j\u00e0 r\u00e9guli\u00e8rement des cuv\u00e9es avec un rapport qualit\u00e9\/prix imbattable pour des amis et des coll\u00e8gues. Gr\u00e2ce \u00e0 mon p\u00e8re et \u00e0 mon grand-p\u00e8re, deux courtiers en vin de champagne, je connais tr\u00e8s bien les viticulteurs et les Grandes Maisons de Champagne\". Aujourd'hui, elle est charg\u00e9e des relations avec le vignoble et dirige La Cave \u00e0 Reims.","sameAs":["http:\/\/www.plus-de-bulles.com"],"url":"https:\/\/www.plus-de-bulles.com\/blog\/author\/mservagnat\/"}]}},"_links":{"self":[{"href":"https:\/\/www.plus-de-bulles.com\/blog\/wp-json\/wp\/v2\/posts\/24200"}],"collection":[{"href":"https:\/\/www.plus-de-bulles.com\/blog\/wp-json\/wp\/v2\/posts"}],"about":[{"href":"https:\/\/www.plus-de-bulles.com\/blog\/wp-json\/wp\/v2\/types\/post"}],"author":[{"embeddable":true,"href":"https:\/\/www.plus-de-bulles.com\/blog\/wp-json\/wp\/v2\/users\/3"}],"replies":[{"embeddable":true,"href":"https:\/\/www.plus-de-bulles.com\/blog\/wp-json\/wp\/v2\/comments?post=24200"}],"version-history":[{"count":6,"href":"https:\/\/www.plus-de-bulles.com\/blog\/wp-json\/wp\/v2\/posts\/24200\/revisions"}],"predecessor-version":[{"id":25588,"href":"https:\/\/www.plus-de-bulles.com\/blog\/wp-json\/wp\/v2\/posts\/24200\/revisions\/25588"}],"wp:attachment":[{"href":"https:\/\/www.plus-de-bulles.com\/blog\/wp-json\/wp\/v2\/media?parent=24200"}],"wp:term":[{"taxonomy":"category","embeddable":true,"href":"https:\/\/www.plus-de-bulles.com\/blog\/wp-json\/wp\/v2\/categories?post=24200"},{"taxonomy":"post_tag","embeddable":true,"href":"https:\/\/www.plus-de-bulles.com\/blog\/wp-json\/wp\/v2\/tags?post=24200"}],"curies":[{"name":"wp","href":"https:\/\/api.w.org\/{rel}","templated":true}]}}