{"id":27365,"date":"2025-05-27T15:57:33","date_gmt":"2025-05-27T13:57:33","guid":{"rendered":"https:\/\/www.plus-de-bulles.com\/blog\/?p=27365"},"modified":"2025-05-27T16:08:30","modified_gmt":"2025-05-27T14:08:30","slug":"degustation-verticale-des-cuvees-collection-241-246","status":"publish","type":"post","link":"https:\/\/www.plus-de-bulles.com\/blog\/degustation-verticale-des-cuvees-collection-241-246\/","title":{"rendered":"D\u00e9gustation verticale des cuv\u00e9es Collection 241\u00a0\u2192 246"},"content":{"rendered":"\n<p>Que r\u00e9v\u00e8le l\u2019\u00e9volution de la R\u00e9serve Perp\u00e9tuelle Louis Roederer\u00a0?     <\/p>\n\n\n\n<p><strong>Une invitation rare.<\/strong> Depuis 2021, <a href=\"https:\/\/www.plus-de-bulles.com\/fr\/94-champagne-roederer\">la Maison Louis Roederer<\/a> a remplac\u00e9 le Brut Premier par la cuv\u00e9e <em>Collection<\/em>. Cette nouvelle cuv\u00e9e se distingue par sa num\u00e9rotation. En effet, chaque Collection porte le numero de sa vendange. Ainsi la vendange de l&rsquo;ann\u00e9e 2016 fut la 241<sup>e<\/sup> de la maison et donna naissance \u00e0 la cuv\u00e9e<strong> Collection 241<\/strong>. Chaque num\u00e9ro correspond au mill\u00e9sime dominant (241\u00a0=\u00a02016, 242\u00a0=\u00a02017\u2026). Derri\u00e8re cette simplicit\u00e9 se cache une m\u00e9canique d\u2019orf\u00e8vre\u00a0et un assemblage de 3 composantes :<\/p>\n\n\n\n<ul>\n<li><strong>R\u00e9serve Perp\u00e9tuelle<\/strong> (2012 \u2192 \u2026) \u00e9lev\u00e9e en cuves inox pour la fra\u00eecheur.<\/li>\n\n\n\n<li><strong>Vins de r\u00e9serve sous bois<\/strong> pour la profondeur grill\u00e9e.<\/li>\n\n\n\n<li><strong>Vendange de l\u2019ann\u00e9e<\/strong> qui apporte l\u2019\u00e9nergie du fruit.<\/li>\n<\/ul>\n\n\n\n<h2 class=\"wp-block-heading\">\u0152il&nbsp;: une \u00e9volution subtile<\/h2>\n\n\n\n<div class=\"overflow-auto\">\n    <table class=\"table-auto text-sm border border-gray-200 mb-8\">\n      <thead class=\"bg-gray-50\">\n        <tr><th>Num\u00e9ro<\/th><th>Vendange dominante<\/th><th>Teinte<\/th><th>Mousse<\/th><\/tr>\n      <\/thead>\n      <tbody>\n        <tr><td>241<\/td><td>2016 (ann\u00e9e fra\u00eeche)<\/td><td>Or clair, reflets verts<\/td><td>Cordons fins<\/td><\/tr>\n        <tr><td>242<\/td><td>2017<\/td><td>Or p\u00e2le, halo paille<\/td><td>Plus nerveuse<\/td><\/tr>\n        <tr><td>243<\/td><td>2018 (solaire)<\/td><td>Or soutenu<\/td><td>Cr\u00e9meuse<\/td><\/tr>\n        <tr><td>244<\/td><td>2019<\/td><td>Or brillant<\/td><td>Dynamiques<\/td><\/tr>\n        <tr><td>245<\/td><td>2020<\/td><td>Or paille<\/td><td>Abondante<\/td><\/tr>\n        <tr><td>246<\/td><td>2021 (tendu)<\/td><td>Or tr\u00e8s clair<\/td><td>Perlante<\/td><\/tr>\n      <\/tbody>\n    <\/table>\n  <\/div>\n\n\n\n<h2 class=\"wp-block-heading\">Nez&nbsp;: la signature, nuances mill\u00e9sim\u00e9es<\/h2>\n\n\n\n<div class=\"overflow-auto\">\n    <table class=\"table-auto text-sm border border-gray-200 mb-8\">\n      <thead class=\"bg-gray-50\">\n        <tr><th>Famille aromatique<\/th><th>241<\/th><th>242<\/th><th>243<\/th><th>244<\/th><th>245<\/th><th>246<\/th><\/tr>\n      <\/thead>\n      <tbody>\n        <tr><td>Fruits jaunes<\/td><td>\u25cf\u25cf<\/td><td>\u25cf<\/td><td>\u25cf\u25cf\u25cf<\/td><td>\u25cf\u25cf\u25cf<\/td><td>\u25cf\u25cf<\/td><td>\u25cf<\/td><\/tr>\n        <tr><td>Agrumes<\/td><td>\u25cf\u25cf\u25cf<\/td><td>\u25cf\u25cf<\/td><td>\u25cf<\/td><td>\u25cf<\/td><td>\u25cf\u25cf<\/td><td>\u25cf\u25cf\u25cf<\/td><\/tr>\n        <tr><td>Notes grill\u00e9es<\/td><td>\u25cf\u25cf\u25cf<\/td><td>\u25cf\u25cf\u25cf<\/td><td>\u25cf\u25cf<\/td><td>\u25cf<\/td><td>\u25cf<\/td><td>\u25cf<\/td><\/tr>\n      <\/tbody>\n    <\/table>\n  <\/div>\n\n\n\n<h2 class=\"wp-block-heading\">Bouche&nbsp;: crescendo d\u2019amplitude<\/h2>\n\n\n\n<p>\u2022 <strong>241 \/ 242<\/strong> : attaque droite, bulle incisive ; finale saline \u2013 parfait sur des hu\u00eetres.<br>\n     \u2022 <strong>243<\/strong> : pulpeux, mirabelle ; belle amertume noble \u2013 id\u00e9al volaille r\u00f4tie.<br>\n     \u2022 <strong>244<\/strong> : \u00e9quilibre mod\u00e8le, finale vibrante \u2013 risotto citron\/parmesan.<br>\n     \u2022 <strong>245<\/strong> : texture \u00ab jus de roche \u00bb \u2013 noix de Saint-Jacques snack\u00e9es.<br>\n     \u2022 <strong>246<\/strong> : tension chablisienne \u2013 ceviche de dorade.<\/p>\n\n\n\n<h2 class=\"wp-block-heading\">Une verticale pleine d&rsquo;enseignements<\/h2>\n\n\n\n<ol>\n<li>La R\u00e9serve Perp\u00e9tuelle joue le r\u00f4le de chef d\u2019orchestre : elle gagne chaque ann\u00e9e en complexit\u00e9.<\/li>\n\n\n\n<li>Le dosage constant (7 g\/l) assure la coh\u00e9rence gustative.<\/li>\n\n\n\n<li>Le style Roederer reste lisible : fra\u00eecheur crayeuse &amp; bulle d\u00e9licate.<\/li>\n<\/ol>\n\n\n\n<h3 class=\"wp-block-heading\">Conseils pour les collectionneurs<\/h3>\n\n\n\n<ul>\n<li>Garde\u00a0: 3-4 ans pour r\u00e9v\u00e9ler les notes grill\u00e9es. 2 \u00e0 3 ans de plus pour <a href=\"https:\/\/www.plus-de-bulles.com\/fr\/champagne-roederer\/collection-244-magnum.html\">la Collection au format magnum<\/a>.<\/li>\n\n\n\n<li>Constituez une caisse \u00ab verticale \u00bb : formidable outil p\u00e9dagogique.<\/li>\n\n\n\n<li><a href=\"\/fr\/champagne-roederer\/collection-245.html\">D\u00e9couvrir Collection 245<\/a><\/li>\n<\/ul>\n\n\n\n<h2 class=\"wp-block-heading\"><strong>Conclusion \u2013 le mot de Plus-de-Bulles<\/strong><\/h2>\n\n\n\n<p>Avec\u00a0<em>Collection<\/em>, Louis Roederer signe l\u2019\u00e9quilibre id\u00e9al entre\u00a0<strong>m\u00e9moire et instant pr\u00e9sent<\/strong>\u00a0: la R\u00e9serve Perp\u00e9tuelle rappelle le fil conducteur \u00ab Maison \u00bb, tandis que la vendange de l\u2019ann\u00e9e insuffle l\u2019\u00e9nergie du mill\u00e9sime. Chaque num\u00e9ro m\u00eale ainsi l\u2019ADN Roederer\u2014fra\u00eecheur calcaire, pr\u00e9cision tactile\u2014au caract\u00e8re propre de 2016, 17, 18, 19, 20 ou 21. \u00c0 l\u2019inverse, les <a href=\"https:\/\/www.plus-de-bulles.com\/fr\/94-champagne-roederer\/c\/les-millesimes-du-champagne-roederer\">cuv\u00e9es\u00a0<strong>Mill\u00e9sim\u00e9es<\/strong><\/a>\u00a0laissent parler la vigne sans filet : elles sont le polaro\u00efd gustatif d\u2019une seule saison, fid\u00e8le reflet du climat et des terroirs ce jour-l\u00e0. D\u00e9guster la verticale 241 \u2192 246, puis ouvrir un Vintage 2016, c\u2019est sentir la\u00a0<strong>dialogue constant entre style et nature<\/strong>\u00a0que cultive la Maison depuis pr\u00e8s de 250 vendanges. Chez Plus-de-Bulles, nous aimons proposer ces deux visages : la justesse intemporelle de\u00a0<em>Collection<\/em>\u00a0pour le plaisir imm\u00e9diat, et la singularit\u00e9 vibrante des mill\u00e9simes pour l\u2019\u00e9motion de l\u2019instant.<\/p>\n","protected":false},"excerpt":{"rendered":"<p>Que r\u00e9v\u00e8le l\u2019\u00e9volution de la R\u00e9serve Perp\u00e9tuelle Louis Roederer\u00a0? Une invitation rare. Depuis 2021, la Maison Louis Roederer a remplac\u00e9 le Brut Premier par la cuv\u00e9e Collection. Cette nouvelle cuv\u00e9e se distingue par sa num\u00e9rotation. En effet, chaque Collection porte le numero de sa vendange. Ainsi la vendange de l&rsquo;ann\u00e9e 2016 fut la 241e de [&hellip;]<\/p>\n","protected":false},"author":2,"featured_media":0,"comment_status":"open","ping_status":"closed","sticky":false,"template":"","format":"standard","meta":{"_et_pb_use_builder":"off","_et_pb_old_content":"","_et_gb_content_width":"1320","footnotes":""},"categories":[26],"tags":[],"yoast_head":"<!-- This site is optimized with the Yoast SEO plugin v20.4 - https:\/\/yoast.com\/wordpress\/plugins\/seo\/ -->\n<title>D\u00e9gustation des Collection Roederer 241 \u00e0 246<\/title>\n<meta name=\"description\" content=\"Verticale in\u00e9dite Collection 241\u2192246 de Louis Roederer : profil aromatique, \u00e9volution de la R\u00e9serve Perp\u00e9tuelle et conseils pr\u00e9cis de d\u00e9gustation.\" \/>\n<meta name=\"robots\" content=\"index, follow, max-snippet:-1, max-image-preview:large, max-video-preview:-1\" \/>\n<link rel=\"canonical\" href=\"https:\/\/www.plus-de-bulles.com\/blog\/degustation-verticale-des-cuvees-collection-241-246\/\" \/>\n<meta property=\"og:locale\" content=\"fr_FR\" \/>\n<meta property=\"og:type\" content=\"article\" \/>\n<meta property=\"og:title\" content=\"D\u00e9gustation des Collection Roederer 241 \u00e0 246\" \/>\n<meta property=\"og:description\" content=\"Verticale in\u00e9dite Collection 241\u2192246 de Louis Roederer : profil aromatique, \u00e9volution de la R\u00e9serve Perp\u00e9tuelle et conseils pr\u00e9cis de d\u00e9gustation.\" \/>\n<meta property=\"og:url\" content=\"https:\/\/www.plus-de-bulles.com\/blog\/degustation-verticale-des-cuvees-collection-241-246\/\" \/>\n<meta property=\"og:site_name\" content=\"Les Conseils Plus de Bulles\" \/>\n<meta property=\"article:published_time\" content=\"2025-05-27T13:57:33+00:00\" \/>\n<meta property=\"article:modified_time\" content=\"2025-05-27T14:08:30+00:00\" \/>\n<meta property=\"og:image\" content=\"https:\/\/www.plus-de-bulles.com\/blog\/wp-content\/uploads\/2024\/10\/logo-pdb-full.png\" \/>\n\t<meta property=\"og:image:width\" content=\"300\" \/>\n\t<meta property=\"og:image:height\" content=\"300\" \/>\n\t<meta property=\"og:image:type\" content=\"image\/png\" \/>\n<meta name=\"author\" content=\"Benjamin Cherri\u00e8re\" \/>\n<meta name=\"twitter:card\" content=\"summary_large_image\" \/>\n<meta name=\"twitter:label1\" content=\"Written by\" \/>\n\t<meta name=\"twitter:data1\" content=\"Benjamin Cherri\u00e8re\" \/>\n\t<meta name=\"twitter:label2\" content=\"Est. reading time\" \/>\n\t<meta name=\"twitter:data2\" content=\"3 minutes\" \/>\n<script type=\"application\/ld+json\" class=\"yoast-schema-graph\">{\"@context\":\"https:\/\/schema.org\",\"@graph\":[{\"@type\":\"Article\",\"@id\":\"https:\/\/www.plus-de-bulles.com\/blog\/degustation-verticale-des-cuvees-collection-241-246\/#article\",\"isPartOf\":{\"@id\":\"https:\/\/www.plus-de-bulles.com\/blog\/degustation-verticale-des-cuvees-collection-241-246\/\"},\"author\":{\"name\":\"Benjamin Cherri\u00e8re\",\"@id\":\"https:\/\/www.plus-de-bulles.com\/blog\/#\/schema\/person\/a05d8d5ed5097dc6a6f9724a546bba23\"},\"headline\":\"D\u00e9gustation verticale des cuv\u00e9es Collection 241\u00a0\u2192 246\",\"datePublished\":\"2025-05-27T13:57:33+00:00\",\"dateModified\":\"2025-05-27T14:08:30+00:00\",\"mainEntityOfPage\":{\"@id\":\"https:\/\/www.plus-de-bulles.com\/blog\/degustation-verticale-des-cuvees-collection-241-246\/\"},\"wordCount\":486,\"commentCount\":0,\"publisher\":{\"@id\":\"https:\/\/www.plus-de-bulles.com\/blog\/#organization\"},\"articleSection\":[\"D\u00e9gustation\"],\"inLanguage\":\"fr-FR\",\"potentialAction\":[{\"@type\":\"CommentAction\",\"name\":\"Comment\",\"target\":[\"https:\/\/www.plus-de-bulles.com\/blog\/degustation-verticale-des-cuvees-collection-241-246\/#respond\"]}]},{\"@type\":\"WebPage\",\"@id\":\"https:\/\/www.plus-de-bulles.com\/blog\/degustation-verticale-des-cuvees-collection-241-246\/\",\"url\":\"https:\/\/www.plus-de-bulles.com\/blog\/degustation-verticale-des-cuvees-collection-241-246\/\",\"name\":\"D\u00e9gustation des Collection Roederer 241 \u00e0 246\",\"isPartOf\":{\"@id\":\"https:\/\/www.plus-de-bulles.com\/blog\/#website\"},\"datePublished\":\"2025-05-27T13:57:33+00:00\",\"dateModified\":\"2025-05-27T14:08:30+00:00\",\"description\":\"Verticale in\u00e9dite Collection 241\u2192246 de Louis Roederer : profil aromatique, \u00e9volution de la R\u00e9serve Perp\u00e9tuelle et conseils pr\u00e9cis de d\u00e9gustation.\",\"breadcrumb\":{\"@id\":\"https:\/\/www.plus-de-bulles.com\/blog\/degustation-verticale-des-cuvees-collection-241-246\/#breadcrumb\"},\"inLanguage\":\"fr-FR\",\"potentialAction\":[{\"@type\":\"ReadAction\",\"target\":[\"https:\/\/www.plus-de-bulles.com\/blog\/degustation-verticale-des-cuvees-collection-241-246\/\"]}]},{\"@type\":\"BreadcrumbList\",\"@id\":\"https:\/\/www.plus-de-bulles.com\/blog\/degustation-verticale-des-cuvees-collection-241-246\/#breadcrumb\",\"itemListElement\":[{\"@type\":\"ListItem\",\"position\":1,\"name\":\"Accueil\",\"item\":\"https:\/\/www.plus-de-bulles.com\/blog\/\"},{\"@type\":\"ListItem\",\"position\":2,\"name\":\"D\u00e9gustation\",\"item\":\"https:\/\/www.plus-de-bulles.com\/blog\/degustation\/\"},{\"@type\":\"ListItem\",\"position\":3,\"name\":\"D\u00e9gustation verticale des cuv\u00e9es Collection 241\u00a0\u2192 246\"}]},{\"@type\":\"WebSite\",\"@id\":\"https:\/\/www.plus-de-bulles.com\/blog\/#website\",\"url\":\"https:\/\/www.plus-de-bulles.com\/blog\/\",\"name\":\"Les Conseils Plus de Bulles\",\"description\":\"Toute l&#039;actualit\u00e9 du champagne\",\"publisher\":{\"@id\":\"https:\/\/www.plus-de-bulles.com\/blog\/#organization\"},\"potentialAction\":[{\"@type\":\"SearchAction\",\"target\":{\"@type\":\"EntryPoint\",\"urlTemplate\":\"https:\/\/www.plus-de-bulles.com\/blog\/?s={search_term_string}\"},\"query-input\":\"required name=search_term_string\"}],\"inLanguage\":\"fr-FR\"},{\"@type\":\"Organization\",\"@id\":\"https:\/\/www.plus-de-bulles.com\/blog\/#organization\",\"name\":\"Plus de Bulles\",\"url\":\"https:\/\/www.plus-de-bulles.com\/blog\/\",\"logo\":{\"@type\":\"ImageObject\",\"inLanguage\":\"fr-FR\",\"@id\":\"https:\/\/www.plus-de-bulles.com\/blog\/#\/schema\/logo\/image\/\",\"url\":\"https:\/\/www.plus-de-bulles.com\/blog\/wp-content\/uploads\/2024\/10\/logo-pdb-full.png\",\"contentUrl\":\"https:\/\/www.plus-de-bulles.com\/blog\/wp-content\/uploads\/2024\/10\/logo-pdb-full.png\",\"width\":300,\"height\":300,\"caption\":\"Plus de Bulles\"},\"image\":{\"@id\":\"https:\/\/www.plus-de-bulles.com\/blog\/#\/schema\/logo\/image\/\"}},{\"@type\":\"Person\",\"@id\":\"https:\/\/www.plus-de-bulles.com\/blog\/#\/schema\/person\/a05d8d5ed5097dc6a6f9724a546bba23\",\"name\":\"Benjamin Cherri\u00e8re\",\"image\":{\"@type\":\"ImageObject\",\"inLanguage\":\"fr-FR\",\"@id\":\"https:\/\/www.plus-de-bulles.com\/blog\/#\/schema\/person\/image\/\",\"url\":\"https:\/\/secure.gravatar.com\/avatar\/bee8a44009f0a5ab886e265abaf2f146?s=96&d=mm&r=g\",\"contentUrl\":\"https:\/\/secure.gravatar.com\/avatar\/bee8a44009f0a5ab886e265abaf2f146?s=96&d=mm&r=g\",\"caption\":\"Benjamin Cherri\u00e8re\"},\"description\":\"J'ai fond\u00e9 Plus de Bulles en 2007 avec l'id\u00e9e de montrer que derri\u00e8re le mot champagne se cachaient une infinit\u00e9 de nuances et de styles. Depuis lors, je parcours la Champagne \u00e0 la d\u00e9couverte de nouveaux talents et de pr\u00e9cieuses p\u00e9pites \u00e0 partager.\",\"sameAs\":[\"https:\/\/www.plus-de-bulles.com\/blog\/\",\"https:\/\/www.instagram.com\/bcherriere\",\"https:\/\/www.youtube.com\/channel\/UCADHb9100clcUVUm247xHzA\"],\"url\":\"https:\/\/www.plus-de-bulles.com\/blog\/author\/bcherriere\/\"}]}<\/script>\n<!-- \/ Yoast SEO plugin. -->","yoast_head_json":{"title":"D\u00e9gustation des Collection Roederer 241 \u00e0 246","description":"Verticale in\u00e9dite Collection 241\u2192246 de Louis Roederer : profil aromatique, \u00e9volution de la R\u00e9serve Perp\u00e9tuelle et conseils pr\u00e9cis de d\u00e9gustation.","robots":{"index":"index","follow":"follow","max-snippet":"max-snippet:-1","max-image-preview":"max-image-preview:large","max-video-preview":"max-video-preview:-1"},"canonical":"https:\/\/www.plus-de-bulles.com\/blog\/degustation-verticale-des-cuvees-collection-241-246\/","og_locale":"fr_FR","og_type":"article","og_title":"D\u00e9gustation des Collection Roederer 241 \u00e0 246","og_description":"Verticale in\u00e9dite Collection 241\u2192246 de Louis Roederer : profil aromatique, \u00e9volution de la R\u00e9serve Perp\u00e9tuelle et conseils pr\u00e9cis de d\u00e9gustation.","og_url":"https:\/\/www.plus-de-bulles.com\/blog\/degustation-verticale-des-cuvees-collection-241-246\/","og_site_name":"Les Conseils Plus de Bulles","article_published_time":"2025-05-27T13:57:33+00:00","article_modified_time":"2025-05-27T14:08:30+00:00","og_image":[{"width":300,"height":300,"url":"https:\/\/www.plus-de-bulles.com\/blog\/wp-content\/uploads\/2024\/10\/logo-pdb-full.png","type":"image\/png"}],"author":"Benjamin Cherri\u00e8re","twitter_card":"summary_large_image","twitter_misc":{"Written by":"Benjamin Cherri\u00e8re","Est. reading time":"3 minutes"},"schema":{"@context":"https:\/\/schema.org","@graph":[{"@type":"Article","@id":"https:\/\/www.plus-de-bulles.com\/blog\/degustation-verticale-des-cuvees-collection-241-246\/#article","isPartOf":{"@id":"https:\/\/www.plus-de-bulles.com\/blog\/degustation-verticale-des-cuvees-collection-241-246\/"},"author":{"name":"Benjamin Cherri\u00e8re","@id":"https:\/\/www.plus-de-bulles.com\/blog\/#\/schema\/person\/a05d8d5ed5097dc6a6f9724a546bba23"},"headline":"D\u00e9gustation verticale des cuv\u00e9es Collection 241\u00a0\u2192 246","datePublished":"2025-05-27T13:57:33+00:00","dateModified":"2025-05-27T14:08:30+00:00","mainEntityOfPage":{"@id":"https:\/\/www.plus-de-bulles.com\/blog\/degustation-verticale-des-cuvees-collection-241-246\/"},"wordCount":486,"commentCount":0,"publisher":{"@id":"https:\/\/www.plus-de-bulles.com\/blog\/#organization"},"articleSection":["D\u00e9gustation"],"inLanguage":"fr-FR","potentialAction":[{"@type":"CommentAction","name":"Comment","target":["https:\/\/www.plus-de-bulles.com\/blog\/degustation-verticale-des-cuvees-collection-241-246\/#respond"]}]},{"@type":"WebPage","@id":"https:\/\/www.plus-de-bulles.com\/blog\/degustation-verticale-des-cuvees-collection-241-246\/","url":"https:\/\/www.plus-de-bulles.com\/blog\/degustation-verticale-des-cuvees-collection-241-246\/","name":"D\u00e9gustation des Collection Roederer 241 \u00e0 246","isPartOf":{"@id":"https:\/\/www.plus-de-bulles.com\/blog\/#website"},"datePublished":"2025-05-27T13:57:33+00:00","dateModified":"2025-05-27T14:08:30+00:00","description":"Verticale in\u00e9dite Collection 241\u2192246 de Louis Roederer : profil aromatique, \u00e9volution de la R\u00e9serve Perp\u00e9tuelle et conseils pr\u00e9cis de d\u00e9gustation.","breadcrumb":{"@id":"https:\/\/www.plus-de-bulles.com\/blog\/degustation-verticale-des-cuvees-collection-241-246\/#breadcrumb"},"inLanguage":"fr-FR","potentialAction":[{"@type":"ReadAction","target":["https:\/\/www.plus-de-bulles.com\/blog\/degustation-verticale-des-cuvees-collection-241-246\/"]}]},{"@type":"BreadcrumbList","@id":"https:\/\/www.plus-de-bulles.com\/blog\/degustation-verticale-des-cuvees-collection-241-246\/#breadcrumb","itemListElement":[{"@type":"ListItem","position":1,"name":"Accueil","item":"https:\/\/www.plus-de-bulles.com\/blog\/"},{"@type":"ListItem","position":2,"name":"D\u00e9gustation","item":"https:\/\/www.plus-de-bulles.com\/blog\/degustation\/"},{"@type":"ListItem","position":3,"name":"D\u00e9gustation verticale des cuv\u00e9es Collection 241\u00a0\u2192 246"}]},{"@type":"WebSite","@id":"https:\/\/www.plus-de-bulles.com\/blog\/#website","url":"https:\/\/www.plus-de-bulles.com\/blog\/","name":"Les Conseils Plus de Bulles","description":"Toute l&#039;actualit\u00e9 du champagne","publisher":{"@id":"https:\/\/www.plus-de-bulles.com\/blog\/#organization"},"potentialAction":[{"@type":"SearchAction","target":{"@type":"EntryPoint","urlTemplate":"https:\/\/www.plus-de-bulles.com\/blog\/?s={search_term_string}"},"query-input":"required name=search_term_string"}],"inLanguage":"fr-FR"},{"@type":"Organization","@id":"https:\/\/www.plus-de-bulles.com\/blog\/#organization","name":"Plus de Bulles","url":"https:\/\/www.plus-de-bulles.com\/blog\/","logo":{"@type":"ImageObject","inLanguage":"fr-FR","@id":"https:\/\/www.plus-de-bulles.com\/blog\/#\/schema\/logo\/image\/","url":"https:\/\/www.plus-de-bulles.com\/blog\/wp-content\/uploads\/2024\/10\/logo-pdb-full.png","contentUrl":"https:\/\/www.plus-de-bulles.com\/blog\/wp-content\/uploads\/2024\/10\/logo-pdb-full.png","width":300,"height":300,"caption":"Plus de Bulles"},"image":{"@id":"https:\/\/www.plus-de-bulles.com\/blog\/#\/schema\/logo\/image\/"}},{"@type":"Person","@id":"https:\/\/www.plus-de-bulles.com\/blog\/#\/schema\/person\/a05d8d5ed5097dc6a6f9724a546bba23","name":"Benjamin Cherri\u00e8re","image":{"@type":"ImageObject","inLanguage":"fr-FR","@id":"https:\/\/www.plus-de-bulles.com\/blog\/#\/schema\/person\/image\/","url":"https:\/\/secure.gravatar.com\/avatar\/bee8a44009f0a5ab886e265abaf2f146?s=96&d=mm&r=g","contentUrl":"https:\/\/secure.gravatar.com\/avatar\/bee8a44009f0a5ab886e265abaf2f146?s=96&d=mm&r=g","caption":"Benjamin Cherri\u00e8re"},"description":"J'ai fond\u00e9 Plus de Bulles en 2007 avec l'id\u00e9e de montrer que derri\u00e8re le mot champagne se cachaient une infinit\u00e9 de nuances et de styles. Depuis lors, je parcours la Champagne \u00e0 la d\u00e9couverte de nouveaux talents et de pr\u00e9cieuses p\u00e9pites \u00e0 partager.","sameAs":["https:\/\/www.plus-de-bulles.com\/blog\/","https:\/\/www.instagram.com\/bcherriere","https:\/\/www.youtube.com\/channel\/UCADHb9100clcUVUm247xHzA"],"url":"https:\/\/www.plus-de-bulles.com\/blog\/author\/bcherriere\/"}]}},"_links":{"self":[{"href":"https:\/\/www.plus-de-bulles.com\/blog\/wp-json\/wp\/v2\/posts\/27365"}],"collection":[{"href":"https:\/\/www.plus-de-bulles.com\/blog\/wp-json\/wp\/v2\/posts"}],"about":[{"href":"https:\/\/www.plus-de-bulles.com\/blog\/wp-json\/wp\/v2\/types\/post"}],"author":[{"embeddable":true,"href":"https:\/\/www.plus-de-bulles.com\/blog\/wp-json\/wp\/v2\/users\/2"}],"replies":[{"embeddable":true,"href":"https:\/\/www.plus-de-bulles.com\/blog\/wp-json\/wp\/v2\/comments?post=27365"}],"version-history":[{"count":13,"href":"https:\/\/www.plus-de-bulles.com\/blog\/wp-json\/wp\/v2\/posts\/27365\/revisions"}],"predecessor-version":[{"id":27380,"href":"https:\/\/www.plus-de-bulles.com\/blog\/wp-json\/wp\/v2\/posts\/27365\/revisions\/27380"}],"wp:attachment":[{"href":"https:\/\/www.plus-de-bulles.com\/blog\/wp-json\/wp\/v2\/media?parent=27365"}],"wp:term":[{"taxonomy":"category","embeddable":true,"href":"https:\/\/www.plus-de-bulles.com\/blog\/wp-json\/wp\/v2\/categories?post=27365"},{"taxonomy":"post_tag","embeddable":true,"href":"https:\/\/www.plus-de-bulles.com\/blog\/wp-json\/wp\/v2\/tags?post=27365"}],"curies":[{"name":"wp","href":"https:\/\/api.w.org\/{rel}","templated":true}]}}